{"id":924,"date":"2024-11-26T22:06:53","date_gmt":"2024-11-26T22:06:53","guid":{"rendered":"https:\/\/www.vzschrudim.cz\/?p=924"},"modified":"2024-11-26T22:06:53","modified_gmt":"2024-11-26T22:06:53","slug":"o-pohar-starosty-prahy-15","status":"publish","type":"post","link":"https:\/\/www.vzschrudim.cz\/index.php\/2024\/11\/26\/o-pohar-starosty-prahy-15\/","title":{"rendered":"O poh\u00e1r starosty Prahy 15"},"content":{"rendered":"<p>2. 11. 2024 n\u00e1s na\u0161i dva plavci reprezentovali v Hostiva\u0159i na z\u00e1vodech O poh\u00e1r starosty Prahy 15. Krom\u011b plaveck\u00fdch z\u00e1chrann\u00fdch discipl\u00edn se soupe\u0159ilo tak\u00e9 v prov\u00e1d\u011bn\u00ed KPR, uzlov\u00e1n\u00ed nebo uv\u00e1z\u00e1n\u00ed plavidla. V z\u00e1vod\u011b dvojic obsadili Tom\u00e1\u0161 Barto\u0161 a Tom\u00e1\u0161 R\u016f\u017ei\u010dka st\u0159\u00edbrnou p\u0159\u00ed\u010dku ve sv\u00e9 kategorii. Gratulujeme a d\u011bkujeme po\u0159\u00e1daj\u00edc\u00edmu pobo\u010dn\u00e9mu spolku Praha 15.<\/p>\n<p><img loading=\"lazy\" decoding=\"async\" class=\"wp-image-926 alignleft\" src=\"https:\/\/www.vzschrudim.cz\/wp-content\/uploads\/2024\/11\/465576593_1134952485302933_364042226668597861_n-819x1024.jpg\" alt=\"\" width=\"296\" height=\"370\" srcset=\"https:\/\/www.vzschrudim.cz\/wp-content\/uploads\/2024\/11\/465576593_1134952485302933_364042226668597861_n-819x1024.jpg 819w, https:\/\/www.vzschrudim.cz\/wp-content\/uploads\/2024\/11\/465576593_1134952485302933_364042226668597861_n-240x300.jpg 240w, https:\/\/www.vzschrudim.cz\/wp-content\/uploads\/2024\/11\/465576593_1134952485302933_364042226668597861_n-768x960.jpg 768w, https:\/\/www.vzschrudim.cz\/wp-content\/uploads\/2024\/11\/465576593_1134952485302933_364042226668597861_n.jpg 1440w\" sizes=\"auto, (max-width: 296px) 100vw, 296px\" \/><img loading=\"lazy\" decoding=\"async\" class=\"wp-image-925 alignleft\" src=\"https:\/\/www.vzschrudim.cz\/wp-content\/uploads\/2024\/11\/465443380_1134952488636266_1168060502806448299_n-819x1024.jpg\" alt=\"\" width=\"296\" height=\"370\" srcset=\"https:\/\/www.vzschrudim.cz\/wp-content\/uploads\/2024\/11\/465443380_1134952488636266_1168060502806448299_n-819x1024.jpg 819w, https:\/\/www.vzschrudim.cz\/wp-content\/uploads\/2024\/11\/465443380_1134952488636266_1168060502806448299_n-240x300.jpg 240w, https:\/\/www.vzschrudim.cz\/wp-content\/uploads\/2024\/11\/465443380_1134952488636266_1168060502806448299_n-768x960.jpg 768w, https:\/\/www.vzschrudim.cz\/wp-content\/uploads\/2024\/11\/465443380_1134952488636266_1168060502806448299_n.jpg 1440w\" sizes=\"auto, (max-width: 296px) 100vw, 296px\" \/><\/p>\n","protected":false},"excerpt":{"rendered":"<p>2. 11. 2024 n\u00e1s na\u0161i dva plavci reprezentovali v Hostiva\u0159i na z\u00e1vodech O poh\u00e1r starosty Prahy 15. Krom\u011b plaveck\u00fdch z\u00e1chrann\u00fdch discipl\u00edn se soupe\u0159ilo tak\u00e9 v prov\u00e1d\u011bn\u00ed KPR, uzlov\u00e1n\u00ed nebo uv\u00e1z\u00e1n\u00ed plavidla. V z\u00e1vod\u011b dvojic obsadili Tom\u00e1\u0161 Barto\u0161 a Tom\u00e1\u0161 R\u016f\u017ei\u010dka st\u0159\u00edbrnou p\u0159\u00ed\u010dku ve sv\u00e9 kategorii. Gratulujeme a d\u011bkujeme po\u0159\u00e1daj\u00edc\u00edmu pobo\u010dn\u00e9mu spolku Praha 15.<\/p>\n","protected":false},"author":2,"featured_media":0,"comment_status":"open","ping_status":"open","sticky":false,"template":"","format":"standard","meta":{"_exactmetrics_skip_tracking":false,"_exactmetrics_sitenote_active":false,"_exactmetrics_sitenote_note":"","_exactmetrics_sitenote_category":0,"ngg_post_thumbnail":0,"footnotes":""},"categories":[1],"tags":[],"class_list":["post-924","post","type-post","status-publish","format-standard","hentry","category-aktuality"],"_links":{"self":[{"href":"https:\/\/www.vzschrudim.cz\/index.php\/wp-json\/wp\/v2\/posts\/924","targetHints":{"allow":["GET"]}}],"collection":[{"href":"https:\/\/www.vzschrudim.cz\/index.php\/wp-json\/wp\/v2\/posts"}],"about":[{"href":"https:\/\/www.vzschrudim.cz\/index.php\/wp-json\/wp\/v2\/types\/post"}],"author":[{"embeddable":true,"href":"https:\/\/www.vzschrudim.cz\/index.php\/wp-json\/wp\/v2\/users\/2"}],"replies":[{"embeddable":true,"href":"https:\/\/www.vzschrudim.cz\/index.php\/wp-json\/wp\/v2\/comments?post=924"}],"version-history":[{"count":1,"href":"https:\/\/www.vzschrudim.cz\/index.php\/wp-json\/wp\/v2\/posts\/924\/revisions"}],"predecessor-version":[{"id":927,"href":"https:\/\/www.vzschrudim.cz\/index.php\/wp-json\/wp\/v2\/posts\/924\/revisions\/927"}],"wp:attachment":[{"href":"https:\/\/www.vzschrudim.cz\/index.php\/wp-json\/wp\/v2\/media?parent=924"}],"wp:term":[{"taxonomy":"category","embeddable":true,"href":"https:\/\/www.vzschrudim.cz\/index.php\/wp-json\/wp\/v2\/categories?post=924"},{"taxonomy":"post_tag","embeddable":true,"href":"https:\/\/www.vzschrudim.cz\/index.php\/wp-json\/wp\/v2\/tags?post=924"}],"curies":[{"name":"wp","href":"https:\/\/api.w.org\/{rel}","templated":true}]}}